{"id":44783,"date":"2026-09-01T17:58:31","date_gmt":"2026-09-01T20:58:31","guid":{"rendered":"https:\/\/webto.colegiomayor.cl\/?p=44783"},"modified":"2026-09-01T17:58:51","modified_gmt":"2026-09-01T20:58:51","slug":"iv-medio-entra-en-modo-paes-seminario-dio-inicio-al-periodo-intensivo-en-colegio-mayor-tobalaba","status":"publish","type":"post","link":"https:\/\/webto.colegiomayor.cl\/?p=44783","title":{"rendered":"IV Medio entra en modo PAES: seminario dio inicio al per\u00edodo intensivo en Colegio Mayor Tobalaba"},"content":{"rendered":"\n<p class=\"wp-block-paragraph\"><strong><em>La actividad, realizada este martes, marc\u00f3 el comienzo de una etapa en que los estudiantes concentrar\u00e1n gran parte de sus esfuerzos en la preparaci\u00f3n para la PAES. <\/em><\/strong><\/p>\n\n\n\n<p class=\"wp-block-paragraph\">Los estudiantes de IV Medio de Colegio Mayor Tobalaba comenzaron una nueva etapa en su \u00faltimo a\u00f1o escolar con la realizaci\u00f3n del Seminario de IV Medio, instancia que marca oficialmente el inicio del per\u00edodo intensivo de preparaci\u00f3n para la PAES. Desde ahora, los alumnos dejan atr\u00e1s las asignaturas curriculares regulares para concentrar buena parte de su jornada en fortalecer los conocimientos y habilidades necesarios para enfrentar la prueba de admisi\u00f3n a la educaci\u00f3n superior.<br><br>\u201cEs un hito que marca el inicio del per\u00edodo intensivo, una etapa especialmente dise\u00f1ada para que nuestros estudiantes puedan concentrarse en su preparaci\u00f3n para la PAES\u201d, explica Vania Lorenzi, orientadora del establecimiento.<\/p>\n\n\n\n<p class=\"wp-block-paragraph\">La jornada estuvo estructurada en tres momentos. Primero, cada curso comparti\u00f3 un espacio junto a su profesor tutor, orientado a fortalecer la cohesi\u00f3n e integraci\u00f3n del grupo. Posteriormente, Direcci\u00f3n de Ciclo y Orientaci\u00f3n abordaron las caracter\u00edsticas del per\u00edodo intensivo y el impacto que este trabajo puede tener en los resultados de la PAES. Finalmente, los estudiantes participaron en una actividad junto a un profesor y un psic\u00f3logo de la Universidad del Desarrollo, quienes los invitaron a proyectarse hacia su \u201cyo adulto\u201d y reflexionar sobre la manera en que enfrentar\u00e1n desaf\u00edos, frustraciones y situaciones inesperadas en el futuro.<\/p>\n\n\n\n<p class=\"wp-block-paragraph\">El seminario busca que esta preparaci\u00f3n no se limite exclusivamente al rendimiento acad\u00e9mico. En esta etapa tambi\u00e9n aparecen dudas sobre carreras, universidades, resultados y expectativas personales, por lo que el acompa\u00f1amiento emocional y vocacional adquiere especial relevancia. \u201cEs fundamental que la preparaci\u00f3n para la PAES tenga una mirada integral, porque estamos acompa\u00f1ando a estudiantes que no solo se est\u00e1n preparando para una evaluaci\u00f3n, sino que tambi\u00e9n est\u00e1n transitando hacia una nueva etapa de sus vidas\u201d, se\u00f1ala la orientadora. Para ella, tan importante como reforzar contenidos es que los j\u00f3venes desarrollen seguridad, autonom\u00eda y confianza para enfrentar las decisiones que tendr\u00e1n que tomar.<\/p>\n\n\n\n<p class=\"wp-block-paragraph\">El comienzo del intensivo tambi\u00e9n supone un mayor grado de responsabilidad personal. Disponer de m\u00e1s tiempo para preparar la prueba implica organizarlo adecuadamente, establecer prioridades y reconocer fortalezas y \u00e1reas que necesitan mayor dedicaci\u00f3n. Al mismo tiempo, los estudiantes comienzan a definir qu\u00e9 quieren estudiar, qu\u00e9 \u00e1reas les interesan y qu\u00e9 alternativas existen despu\u00e9s de IV Medio. \u201cLa PAES es una herramienta dentro de ese proceso, pero no constituye el \u00fanico elemento que deben considerar\u201d, explica la orientadora.<br><br>\u201cPrepararse para la PAES tambi\u00e9n es preparar para lo que viene despu\u00e9s de la PAES\u201d, destaca Vania Lorenzi, refiri\u00e9ndose a que los estudiantes desarrollen herramientas acad\u00e9micas, personales y socioemocionales que les permitan enfrentar nuevos desaf\u00edos y avanzar en la construcci\u00f3n de sus propios proyectos de vida. <\/p>\n\n\n<div class=\"wp-block-image is-style-rounded\">\n<figure class=\"aligncenter size-full is-resized\"><img loading=\"lazy\" decoding=\"async\" width=\"768\" height=\"500\" src=\"https:\/\/webto.colegiomayor.cl\/wp-content\/uploads\/2026\/09\/FORMATO-IMAGENES-WORDPRESS-758-x-500-px-2026-09-01T164625.617.jpg\" alt=\"\" class=\"wp-image-44785\" style=\"width:626px;height:auto\" srcset=\"https:\/\/webto.colegiomayor.cl\/wp-content\/uploads\/2026\/09\/FORMATO-IMAGENES-WORDPRESS-758-x-500-px-2026-09-01T164625.617.jpg 768w, https:\/\/webto.colegiomayor.cl\/wp-content\/uploads\/2026\/09\/FORMATO-IMAGENES-WORDPRESS-758-x-500-px-2026-09-01T164625.617-300x195.jpg 300w, https:\/\/webto.colegiomayor.cl\/wp-content\/uploads\/2026\/09\/FORMATO-IMAGENES-WORDPRESS-758-x-500-px-2026-09-01T164625.617-150x98.jpg 150w\" sizes=\"auto, (max-width: 768px) 100vw, 768px\" \/><\/figure>\n<\/div>\n\n\n<p class=\"wp-block-paragraph\"><\/p>\n","protected":false},"excerpt":{"rendered":"<p>La actividad, realizada este martes, marc\u00f3 el comienzo de una etapa en que los estudiantes concentrar\u00e1n gran parte de sus esfuerzos en la preparaci\u00f3n para la PAES. Los estudiantes de IV Medio de Colegio Mayor Tobalaba comenzaron una nueva etapa en su \u00faltimo a\u00f1o escolar&nbsp;<a href=\"https:\/\/webto.colegiomayor.cl\/?p=44783\">&hellip;<\/a><\/p>\n","protected":false},"author":13,"featured_media":44784,"comment_status":"closed","ping_status":"closed","sticky":false,"template":"","format":"standard","meta":{"content-type":"","footnotes":""},"categories":[1],"tags":[],"class_list":["post-44783","post","type-post","status-publish","format-standard","has-post-thumbnail","hentry","category-categoria-3","odd"],"rttpg_featured_image_url":{"full":["https:\/\/webto.colegiomayor.cl\/wp-content\/uploads\/2026\/09\/FORMATO-IMAGENES-WORDPRESS-758-x-500-px-2026-09-01T164601.199.jpg",768,500,false],"landscape":["https:\/\/webto.colegiomayor.cl\/wp-content\/uploads\/2026\/09\/FORMATO-IMAGENES-WORDPRESS-758-x-500-px-2026-09-01T164601.199.jpg",768,500,false],"portraits":["https:\/\/webto.colegiomayor.cl\/wp-content\/uploads\/2026\/09\/FORMATO-IMAGENES-WORDPRESS-758-x-500-px-2026-09-01T164601.199.jpg",768,500,false],"thumbnail":["https:\/\/webto.colegiomayor.cl\/wp-content\/uploads\/2026\/09\/FORMATO-IMAGENES-WORDPRESS-758-x-500-px-2026-09-01T164601.199-150x150.jpg",150,150,true],"medium":["https:\/\/webto.colegiomayor.cl\/wp-content\/uploads\/2026\/09\/FORMATO-IMAGENES-WORDPRESS-758-x-500-px-2026-09-01T164601.199-300x195.jpg",300,195,true],"large":["https:\/\/webto.colegiomayor.cl\/wp-content\/uploads\/2026\/09\/FORMATO-IMAGENES-WORDPRESS-758-x-500-px-2026-09-01T164601.199-768x500.jpg",768,500,true],"1536x1536":["https:\/\/webto.colegiomayor.cl\/wp-content\/uploads\/2026\/09\/FORMATO-IMAGENES-WORDPRESS-758-x-500-px-2026-09-01T164601.199-768x500.jpg",768,500,true],"2048x2048":["https:\/\/webto.colegiomayor.cl\/wp-content\/uploads\/2026\/09\/FORMATO-IMAGENES-WORDPRESS-758-x-500-px-2026-09-01T164601.199-768x500.jpg",768,500,true],"post-thumbnail":["https:\/\/webto.colegiomayor.cl\/wp-content\/uploads\/2026\/09\/FORMATO-IMAGENES-WORDPRESS-758-x-500-px-2026-09-01T164601.199-150x98.jpg",150,98,true],"ed-school-featured-image":["https:\/\/webto.colegiomayor.cl\/wp-content\/uploads\/2026\/09\/FORMATO-IMAGENES-WORDPRESS-758-x-500-px-2026-09-01T164601.199-768x500.jpg",768,500,true],"ed-school-medium":["https:\/\/webto.colegiomayor.cl\/wp-content\/uploads\/2026\/09\/FORMATO-IMAGENES-WORDPRESS-758-x-500-px-2026-09-01T164601.199-768x500.jpg",768,500,true],"ed-school-medium-alt":["https:\/\/webto.colegiomayor.cl\/wp-content\/uploads\/2026\/09\/FORMATO-IMAGENES-WORDPRESS-758-x-500-px-2026-09-01T164601.199-768x410.jpg",768,410,true],"ed-school-square":["https:\/\/webto.colegiomayor.cl\/wp-content\/uploads\/2026\/09\/FORMATO-IMAGENES-WORDPRESS-758-x-500-px-2026-09-01T164601.199-768x500.jpg",768,500,true],"ed-school-square-small":["https:\/\/webto.colegiomayor.cl\/wp-content\/uploads\/2026\/09\/FORMATO-IMAGENES-WORDPRESS-758-x-500-px-2026-09-01T164601.199-420x420.jpg",420,420,true]},"rttpg_author":{"display_name":"Sergio Vallejos","author_link":"https:\/\/webto.colegiomayor.cl\/?author=13"},"rttpg_comment":0,"rttpg_category":"<a href=\"https:\/\/webto.colegiomayor.cl\/?cat=1\" rel=\"category\">Categor\u00eda 3<\/a>","rttpg_excerpt":"La actividad, realizada este martes, marc\u00f3 el comienzo de una etapa en que los estudiantes concentrar\u00e1n gran parte de sus esfuerzos en la preparaci\u00f3n para la PAES. Los estudiantes de IV Medio de Colegio Mayor Tobalaba comenzaron una nueva etapa en su \u00faltimo a\u00f1o escolar&nbsp;&hellip;","_links":{"self":[{"href":"https:\/\/webto.colegiomayor.cl\/index.php?rest_route=\/wp\/v2\/posts\/44783","targetHints":{"allow":["GET"]}}],"collection":[{"href":"https:\/\/webto.colegiomayor.cl\/index.php?rest_route=\/wp\/v2\/posts"}],"about":[{"href":"https:\/\/webto.colegiomayor.cl\/index.php?rest_route=\/wp\/v2\/types\/post"}],"author":[{"embeddable":true,"href":"https:\/\/webto.colegiomayor.cl\/index.php?rest_route=\/wp\/v2\/users\/13"}],"replies":[{"embeddable":true,"href":"https:\/\/webto.colegiomayor.cl\/index.php?rest_route=%2Fwp%2Fv2%2Fcomments&post=44783"}],"version-history":[{"count":2,"href":"https:\/\/webto.colegiomayor.cl\/index.php?rest_route=\/wp\/v2\/posts\/44783\/revisions"}],"predecessor-version":[{"id":44787,"href":"https:\/\/webto.colegiomayor.cl\/index.php?rest_route=\/wp\/v2\/posts\/44783\/revisions\/44787"}],"wp:featuredmedia":[{"embeddable":true,"href":"https:\/\/webto.colegiomayor.cl\/index.php?rest_route=\/wp\/v2\/media\/44784"}],"wp:attachment":[{"href":"https:\/\/webto.colegiomayor.cl\/index.php?rest_route=%2Fwp%2Fv2%2Fmedia&parent=44783"}],"wp:term":[{"taxonomy":"category","embeddable":true,"href":"https:\/\/webto.colegiomayor.cl\/index.php?rest_route=%2Fwp%2Fv2%2Fcategories&post=44783"},{"taxonomy":"post_tag","embeddable":true,"href":"https:\/\/webto.colegiomayor.cl\/index.php?rest_route=%2Fwp%2Fv2%2Ftags&post=44783"}],"curies":[{"name":"wp","href":"https:\/\/api.w.org\/{rel}","templated":true}]}}