{"id":44498,"date":"2026-04-30T18:36:15","date_gmt":"2026-04-30T21:36:15","guid":{"rendered":"https:\/\/webto.colegiomayor.cl\/?p=44498"},"modified":"2026-04-30T18:36:17","modified_gmt":"2026-04-30T21:36:17","slug":"saltar-la-cuerda-damas-y-hula-hula-asi-fue-la-jornada-de-recreo-sin-pantallas","status":"publish","type":"post","link":"https:\/\/webto.colegiomayor.cl\/?p=44498","title":{"rendered":"Saltar la cuerda, damas y hula-hula: as\u00ed fue la jornada de \u201cRecreo sin pantallas\u201d"},"content":{"rendered":"\n<p><em><strong>La iniciativa impulsada por el equipo psicoeducativo, en el marco de la Semana de la Convivencia, promovi\u00f3 espacios de encuentro, recreaci\u00f3n activa y bienestar entre estudiantes de todos los niveles.<\/strong><\/em><\/p>\n\n\n\n<p>En el contexto de la Semana de la Convivencia, nuestro colegio desarroll\u00f3 este mi\u00e9rcoles una nueva jornada del programa \u201cRecreo sin pantallas\u201d, iniciativa que busca fomentar la interacci\u00f3n social, el bienestar integral y el uso positivo del tiempo libre entre nuestros estudiantes.<\/p>\n\n\n\n<p>Durante el recreo, ni\u00f1as, ni\u00f1os y j\u00f3venes participaron de diversas din\u00e1micas recreativas, en un ambiente marcado por el entusiasmo y la participaci\u00f3n activa. \u201cLa idea es generar espacios de recreaci\u00f3n activa, donde los estudiantes puedan compartir sin la mediaci\u00f3n de pantallas y fortalecer sus v\u00ednculos\u201d, explic\u00f3 Nicole Silva, de la Direcci\u00f3n de Convivencia. Saltar la cuerda, jugar con hula-hula y compartir en torno a juegos de mesa como damas y Uno fueron parte de las alternativas que dieron vida a esta jornada.<\/p>\n\n\n\n<p>El programa, que se implementa desde este a\u00f1o acad\u00e9mico, est\u00e1 dirigido a todos los niveles del establecimiento, desde ense\u00f1anza b\u00e1sica hasta ense\u00f1anza media. \u201cEs una propuesta abierta y voluntaria, que busca integrar a estudiantes de distintas edades y promover una convivencia positiva basada en el respeto y la colaboraci\u00f3n\u201d, agreg\u00f3 la docente, destacando el car\u00e1cter formativo de la jornada.<\/p>\n\n\n<div class=\"wp-block-image is-style-rounded\">\n<figure class=\"alignright size-full is-resized\"><img loading=\"lazy\" decoding=\"async\" width=\"768\" height=\"500\" src=\"https:\/\/webto.colegiomayor.cl\/wp-content\/uploads\/2026\/04\/FORMATO-IMAGENES-WORDPRESS-758-x-500-px-17.jpg\" alt=\"\" class=\"wp-image-44500\" style=\"width:421px;height:auto\" srcset=\"https:\/\/webto.colegiomayor.cl\/wp-content\/uploads\/2026\/04\/FORMATO-IMAGENES-WORDPRESS-758-x-500-px-17.jpg 768w, https:\/\/webto.colegiomayor.cl\/wp-content\/uploads\/2026\/04\/FORMATO-IMAGENES-WORDPRESS-758-x-500-px-17-300x195.jpg 300w, https:\/\/webto.colegiomayor.cl\/wp-content\/uploads\/2026\/04\/FORMATO-IMAGENES-WORDPRESS-758-x-500-px-17-150x98.jpg 150w\" sizes=\"auto, (max-width: 768px) 100vw, 768px\" \/><\/figure>\n<\/div>\n\n\n<p>En cuanto a su desarrollo, la encargada se\u00f1al\u00f3 que la iniciativa ha ido evolucionando con el tiempo. \u201cPartimos con juegos de mesa y hoy hemos incorporado din\u00e1micas m\u00e1s participativas y recreativas, lo que ha permitido ampliar las opciones y generar mayor inter\u00e9s\u201d, coment\u00f3, en referencia a este tipo de \u201crecreos vintage\u201d que han sido bien recibidos por la comunidad.<\/p>\n\n\n\n<p>La recepci\u00f3n por parte de los estudiantes ha sido altamente positiva, evidenci\u00e1ndose una participaci\u00f3n constante y creciente. \u201cHemos visto mucho entusiasmo y disposici\u00f3n de los estudiantes, lo que refuerza la importancia de ofrecer estos espacios de desconexi\u00f3n digital\u201d, afirm\u00f3. En esa l\u00ednea, Colegio&nbsp;Mayor Tobalaba proyecta dar continuidad a la iniciativa, consolid\u00e1ndola como parte de su cultura escolar y del desarrollo integral de sus estudiantes.<\/p>\n","protected":false},"excerpt":{"rendered":"<p>La iniciativa impulsada por el equipo psicoeducativo, en el marco de la Semana de la Convivencia, promovi\u00f3 espacios de encuentro, recreaci\u00f3n activa y bienestar entre estudiantes de todos los niveles. En el contexto de la Semana de la Convivencia, nuestro colegio desarroll\u00f3 este mi\u00e9rcoles una&nbsp;<a href=\"https:\/\/webto.colegiomayor.cl\/?p=44498\">&hellip;<\/a><\/p>\n","protected":false},"author":13,"featured_media":44499,"comment_status":"closed","ping_status":"closed","sticky":false,"template":"","format":"standard","meta":{"content-type":"","footnotes":""},"categories":[1],"tags":[],"class_list":["post-44498","post","type-post","status-publish","format-standard","has-post-thumbnail","hentry","category-categoria-3","odd"],"rttpg_featured_image_url":{"full":["https:\/\/webto.colegiomayor.cl\/wp-content\/uploads\/2026\/04\/FORMATO-IMAGENES-WORDPRESS-758-x-500-px-18.jpg",768,500,false],"landscape":["https:\/\/webto.colegiomayor.cl\/wp-content\/uploads\/2026\/04\/FORMATO-IMAGENES-WORDPRESS-758-x-500-px-18.jpg",768,500,false],"portraits":["https:\/\/webto.colegiomayor.cl\/wp-content\/uploads\/2026\/04\/FORMATO-IMAGENES-WORDPRESS-758-x-500-px-18.jpg",768,500,false],"thumbnail":["https:\/\/webto.colegiomayor.cl\/wp-content\/uploads\/2026\/04\/FORMATO-IMAGENES-WORDPRESS-758-x-500-px-18-150x150.jpg",150,150,true],"medium":["https:\/\/webto.colegiomayor.cl\/wp-content\/uploads\/2026\/04\/FORMATO-IMAGENES-WORDPRESS-758-x-500-px-18-300x195.jpg",300,195,true],"large":["https:\/\/webto.colegiomayor.cl\/wp-content\/uploads\/2026\/04\/FORMATO-IMAGENES-WORDPRESS-758-x-500-px-18-768x500.jpg",768,500,true],"1536x1536":["https:\/\/webto.colegiomayor.cl\/wp-content\/uploads\/2026\/04\/FORMATO-IMAGENES-WORDPRESS-758-x-500-px-18-768x500.jpg",768,500,true],"2048x2048":["https:\/\/webto.colegiomayor.cl\/wp-content\/uploads\/2026\/04\/FORMATO-IMAGENES-WORDPRESS-758-x-500-px-18-768x500.jpg",768,500,true],"post-thumbnail":["https:\/\/webto.colegiomayor.cl\/wp-content\/uploads\/2026\/04\/FORMATO-IMAGENES-WORDPRESS-758-x-500-px-18-150x98.jpg",150,98,true],"ed-school-featured-image":["https:\/\/webto.colegiomayor.cl\/wp-content\/uploads\/2026\/04\/FORMATO-IMAGENES-WORDPRESS-758-x-500-px-18-768x500.jpg",768,500,true],"ed-school-medium":["https:\/\/webto.colegiomayor.cl\/wp-content\/uploads\/2026\/04\/FORMATO-IMAGENES-WORDPRESS-758-x-500-px-18-768x500.jpg",768,500,true],"ed-school-medium-alt":["https:\/\/webto.colegiomayor.cl\/wp-content\/uploads\/2026\/04\/FORMATO-IMAGENES-WORDPRESS-758-x-500-px-18-768x410.jpg",768,410,true],"ed-school-square":["https:\/\/webto.colegiomayor.cl\/wp-content\/uploads\/2026\/04\/FORMATO-IMAGENES-WORDPRESS-758-x-500-px-18-768x500.jpg",768,500,true],"ed-school-square-small":["https:\/\/webto.colegiomayor.cl\/wp-content\/uploads\/2026\/04\/FORMATO-IMAGENES-WORDPRESS-758-x-500-px-18-420x420.jpg",420,420,true]},"rttpg_author":{"display_name":"Sergio Vallejos","author_link":"https:\/\/webto.colegiomayor.cl\/?author=13"},"rttpg_comment":0,"rttpg_category":"<a href=\"https:\/\/webto.colegiomayor.cl\/?cat=1\" rel=\"category\">Categor\u00eda 3<\/a>","rttpg_excerpt":"La iniciativa impulsada por el equipo psicoeducativo, en el marco de la Semana de la Convivencia, promovi\u00f3 espacios de encuentro, recreaci\u00f3n activa y bienestar entre estudiantes de todos los niveles. En el contexto de la Semana de la Convivencia, nuestro colegio desarroll\u00f3 este mi\u00e9rcoles una&nbsp;&hellip;","_links":{"self":[{"href":"https:\/\/webto.colegiomayor.cl\/index.php?rest_route=\/wp\/v2\/posts\/44498","targetHints":{"allow":["GET"]}}],"collection":[{"href":"https:\/\/webto.colegiomayor.cl\/index.php?rest_route=\/wp\/v2\/posts"}],"about":[{"href":"https:\/\/webto.colegiomayor.cl\/index.php?rest_route=\/wp\/v2\/types\/post"}],"author":[{"embeddable":true,"href":"https:\/\/webto.colegiomayor.cl\/index.php?rest_route=\/wp\/v2\/users\/13"}],"replies":[{"embeddable":true,"href":"https:\/\/webto.colegiomayor.cl\/index.php?rest_route=%2Fwp%2Fv2%2Fcomments&post=44498"}],"version-history":[{"count":1,"href":"https:\/\/webto.colegiomayor.cl\/index.php?rest_route=\/wp\/v2\/posts\/44498\/revisions"}],"predecessor-version":[{"id":44501,"href":"https:\/\/webto.colegiomayor.cl\/index.php?rest_route=\/wp\/v2\/posts\/44498\/revisions\/44501"}],"wp:featuredmedia":[{"embeddable":true,"href":"https:\/\/webto.colegiomayor.cl\/index.php?rest_route=\/wp\/v2\/media\/44499"}],"wp:attachment":[{"href":"https:\/\/webto.colegiomayor.cl\/index.php?rest_route=%2Fwp%2Fv2%2Fmedia&parent=44498"}],"wp:term":[{"taxonomy":"category","embeddable":true,"href":"https:\/\/webto.colegiomayor.cl\/index.php?rest_route=%2Fwp%2Fv2%2Fcategories&post=44498"},{"taxonomy":"post_tag","embeddable":true,"href":"https:\/\/webto.colegiomayor.cl\/index.php?rest_route=%2Fwp%2Fv2%2Ftags&post=44498"}],"curies":[{"name":"wp","href":"https:\/\/api.w.org\/{rel}","templated":true}]}}