{"id":44485,"date":"2026-04-24T14:34:22","date_gmt":"2026-04-24T17:34:22","guid":{"rendered":"https:\/\/webto.colegiomayor.cl\/?p=44485"},"modified":"2026-04-24T14:34:24","modified_gmt":"2026-04-24T17:34:24","slug":"colegio-mayor-tobalaba-cierra-su-ronda-de-dialogos-con-apoderados-y-delegados-de-convivencia","status":"publish","type":"post","link":"https:\/\/webto.colegiomayor.cl\/?p=44485","title":{"rendered":"Colegio Mayor Tobalaba cierra su ronda de di\u00e1logos con apoderados y delegados de convivencia"},"content":{"rendered":"\n<p><strong><em>La rectora Alejandra Rosales cerr\u00f3 la semana pasada la ronda de reuniones con directivas de apoderados iniciada en marzo, mientras esta semana el ciclo continu\u00f3 con los delegados de convivencia, en el marco del compromiso del colegio por fortalecer su comunicaci\u00f3n interna.<\/em><\/strong><\/p>\n\n\n\n<p>El Colegio Mayor Tobalaba complet\u00f3 la semana pasada el ciclo de encuentros con las directivas de apoderados iniciado a comienzos de a\u00f1o, instancia que reuni\u00f3 a la rectora Alejandra Rosales con representantes de todos los cursos del establecimiento. Esta semana, la din\u00e1mica continu\u00f3 con reuniones orientadas a delegados de convivencia, que estuvieron dirigidas por Camila Hern\u00e1ndez y Nicole Silva, directoras de Convivencia, todo en el marco de un esfuerzo sostenido por fortalecer los canales de comunicaci\u00f3n interna del colegio.<\/p>\n\n\n\n<p>Las reuniones con apoderados, que se desarrollaron de manera progresiva durante marzo y abril, permitieron levantar un diagn\u00f3stico directo sobre las preocupaciones de las familias. \u201cEn esos encuentros surgieron inquietudes relevantes, como el manejo de conflictos entre estudiantes \u2014especialmente en redes sociales\u2014, el desconocimiento de la Ley Penal Adolescente, el estr\u00e9s acad\u00e9mico y la necesidad de una comunicaci\u00f3n m\u00e1s oportuna entre colegio y familia\u201d, precis\u00f3 la rectora, recalcando que todas estas materias han sido incorporadas al plan de acci\u00f3n del establecimiento.<\/p>\n\n\n\n<p>Para nuestra rectora, estos espacios de conversaci\u00f3n responden a una necesidad concreta del contexto educativo actual. \u201cEste tipo de instancias nace desde la necesidad de anticiparnos a las dificultades de convivencia que hoy afectan a muchas comunidades educativas, promoviendo espacios de conversaci\u00f3n genuina, respetuosa y oportuna\u201d, se\u00f1al\u00f3.<\/p>\n\n\n\n<p>En ese sentido, subray\u00f3 el valor de contar con canales directos entre los distintos estamentos y la direcci\u00f3n del colegio. \u201cPermiten canalizar inquietudes de forma confidencial, respetuosa y sin estigmatizaci\u00f3n, transformando el malestar o la duda en oportunidades de mejora, con seguimiento y respuestas concretas\u201d, explic\u00f3.<\/p>\n\n\n\n<p>La rectora tambi\u00e9n destac\u00f3 que el establecimiento cuenta con protocolos institucionales claros para abordar situaciones de violencia escolar y contingencias, y que estas reuniones contribuyen a reforzar su aplicaci\u00f3n. \u201cQueremos asegurar que la comunidad est\u00e9 informada y que las acciones se ejecuten de manera oportuna\u201d, sostuvo.<\/p>\n\n\n\n<p>Al cierre del ciclo, reafirm\u00f3 el compromiso del colegio con la escucha activa como pr\u00e1ctica permanente. \u201cQueremos que nuestro establecimiento sea un lugar donde cada voz sea escuchada a tiempo. Escuchar no es solo recibir informaci\u00f3n, es actuar a partir de ella\u201d, concluy\u00f3.<\/p>\n\n\n\n<figure class=\"wp-block-image size-full is-style-rounded\"><img loading=\"lazy\" decoding=\"async\" width=\"768\" height=\"510\" src=\"https:\/\/webto.colegiomayor.cl\/wp-content\/uploads\/2026\/04\/tema-2.jpeg\" alt=\"\" class=\"wp-image-44487\" srcset=\"https:\/\/webto.colegiomayor.cl\/wp-content\/uploads\/2026\/04\/tema-2.jpeg 768w, https:\/\/webto.colegiomayor.cl\/wp-content\/uploads\/2026\/04\/tema-2-300x199.jpeg 300w, https:\/\/webto.colegiomayor.cl\/wp-content\/uploads\/2026\/04\/tema-2-150x100.jpeg 150w\" sizes=\"auto, (max-width: 768px) 100vw, 768px\" \/><\/figure>\n","protected":false},"excerpt":{"rendered":"<p>La rectora Alejandra Rosales cerr\u00f3 la semana pasada la ronda de reuniones con directivas de apoderados iniciada en marzo, mientras esta semana el ciclo continu\u00f3 con los delegados de convivencia, en el marco del compromiso del colegio por fortalecer su comunicaci\u00f3n interna. El Colegio Mayor&nbsp;<a href=\"https:\/\/webto.colegiomayor.cl\/?p=44485\">&hellip;<\/a><\/p>\n","protected":false},"author":13,"featured_media":44486,"comment_status":"closed","ping_status":"closed","sticky":false,"template":"","format":"standard","meta":{"content-type":"","footnotes":""},"categories":[1],"tags":[],"class_list":["post-44485","post","type-post","status-publish","format-standard","has-post-thumbnail","hentry","category-categoria-3","odd"],"rttpg_featured_image_url":{"full":["https:\/\/webto.colegiomayor.cl\/wp-content\/uploads\/2026\/04\/tema1.jpeg",768,510,false],"landscape":["https:\/\/webto.colegiomayor.cl\/wp-content\/uploads\/2026\/04\/tema1.jpeg",768,510,false],"portraits":["https:\/\/webto.colegiomayor.cl\/wp-content\/uploads\/2026\/04\/tema1.jpeg",768,510,false],"thumbnail":["https:\/\/webto.colegiomayor.cl\/wp-content\/uploads\/2026\/04\/tema1-150x150.jpeg",150,150,true],"medium":["https:\/\/webto.colegiomayor.cl\/wp-content\/uploads\/2026\/04\/tema1-300x199.jpeg",300,199,true],"large":["https:\/\/webto.colegiomayor.cl\/wp-content\/uploads\/2026\/04\/tema1-768x510.jpeg",768,510,true],"1536x1536":["https:\/\/webto.colegiomayor.cl\/wp-content\/uploads\/2026\/04\/tema1-768x510.jpeg",768,510,true],"2048x2048":["https:\/\/webto.colegiomayor.cl\/wp-content\/uploads\/2026\/04\/tema1-768x510.jpeg",768,510,true],"post-thumbnail":["https:\/\/webto.colegiomayor.cl\/wp-content\/uploads\/2026\/04\/tema1-150x100.jpeg",150,100,true],"ed-school-featured-image":["https:\/\/webto.colegiomayor.cl\/wp-content\/uploads\/2026\/04\/tema1-768x500.jpeg",768,500,true],"ed-school-medium":["https:\/\/webto.colegiomayor.cl\/wp-content\/uploads\/2026\/04\/tema1-768x510.jpeg",768,510,true],"ed-school-medium-alt":["https:\/\/webto.colegiomayor.cl\/wp-content\/uploads\/2026\/04\/tema1-768x410.jpeg",768,410,true],"ed-school-square":["https:\/\/webto.colegiomayor.cl\/wp-content\/uploads\/2026\/04\/tema1-768x510.jpeg",768,510,true],"ed-school-square-small":["https:\/\/webto.colegiomayor.cl\/wp-content\/uploads\/2026\/04\/tema1-420x420.jpeg",420,420,true]},"rttpg_author":{"display_name":"Sergio Vallejos","author_link":"https:\/\/webto.colegiomayor.cl\/?author=13"},"rttpg_comment":0,"rttpg_category":"<a href=\"https:\/\/webto.colegiomayor.cl\/?cat=1\" rel=\"category\">Categor\u00eda 3<\/a>","rttpg_excerpt":"La rectora Alejandra Rosales cerr\u00f3 la semana pasada la ronda de reuniones con directivas de apoderados iniciada en marzo, mientras esta semana el ciclo continu\u00f3 con los delegados de convivencia, en el marco del compromiso del colegio por fortalecer su comunicaci\u00f3n interna. El Colegio Mayor&nbsp;&hellip;","_links":{"self":[{"href":"https:\/\/webto.colegiomayor.cl\/index.php?rest_route=\/wp\/v2\/posts\/44485","targetHints":{"allow":["GET"]}}],"collection":[{"href":"https:\/\/webto.colegiomayor.cl\/index.php?rest_route=\/wp\/v2\/posts"}],"about":[{"href":"https:\/\/webto.colegiomayor.cl\/index.php?rest_route=\/wp\/v2\/types\/post"}],"author":[{"embeddable":true,"href":"https:\/\/webto.colegiomayor.cl\/index.php?rest_route=\/wp\/v2\/users\/13"}],"replies":[{"embeddable":true,"href":"https:\/\/webto.colegiomayor.cl\/index.php?rest_route=%2Fwp%2Fv2%2Fcomments&post=44485"}],"version-history":[{"count":2,"href":"https:\/\/webto.colegiomayor.cl\/index.php?rest_route=\/wp\/v2\/posts\/44485\/revisions"}],"predecessor-version":[{"id":44489,"href":"https:\/\/webto.colegiomayor.cl\/index.php?rest_route=\/wp\/v2\/posts\/44485\/revisions\/44489"}],"wp:featuredmedia":[{"embeddable":true,"href":"https:\/\/webto.colegiomayor.cl\/index.php?rest_route=\/wp\/v2\/media\/44486"}],"wp:attachment":[{"href":"https:\/\/webto.colegiomayor.cl\/index.php?rest_route=%2Fwp%2Fv2%2Fmedia&parent=44485"}],"wp:term":[{"taxonomy":"category","embeddable":true,"href":"https:\/\/webto.colegiomayor.cl\/index.php?rest_route=%2Fwp%2Fv2%2Fcategories&post=44485"},{"taxonomy":"post_tag","embeddable":true,"href":"https:\/\/webto.colegiomayor.cl\/index.php?rest_route=%2Fwp%2Fv2%2Ftags&post=44485"}],"curies":[{"name":"wp","href":"https:\/\/api.w.org\/{rel}","templated":true}]}}