{"id":44475,"date":"2026-04-23T12:48:50","date_gmt":"2026-04-23T15:48:50","guid":{"rendered":"https:\/\/webto.colegiomayor.cl\/?p=44475"},"modified":"2026-04-23T12:57:47","modified_gmt":"2026-04-23T15:57:47","slug":"autora-carolina-celis-visito-el-colegio-mayor-tobalaba-en-el-marco-del-dia-del-libro","status":"publish","type":"post","link":"https:\/\/webto.colegiomayor.cl\/?p=44475","title":{"rendered":"Autora Carolina Celis visit\u00f3 el Colegio Mayor Tobalaba en el marco del D\u00eda del Libro"},"content":{"rendered":"\n<p><strong><em>La autora chilena de&nbsp;Tokio, libro \u00e1lbum presente en el plan acad\u00e9mico del colegio, comparti\u00f3 con estudiantes a trav\u00e9s de charlas y conversaciones sobre su obra y proceso creativo.<\/em><\/strong><\/p>\n\n\n\n<p>En el contexto de las celebraciones por el D\u00eda del Libro, el Colegio Mayor Tobalaba recibi\u00f3 durante el martes y mi\u00e9rcoles a Carolina Celis, escritora, ilustradora y dise\u00f1adora chilena, autora de&nbsp;<em>Tokio<\/em>, el libro \u00e1lbum que forma parte del plan acad\u00e9mico del establecimiento. La visita se enmarc\u00f3 en el compromiso del colegio por promover el amor por la lectura y acercar a los estudiantes a los creadores detr\u00e1s de las obras que leen en clases.<\/p>\n\n\n\n<p>Durante su estad\u00eda, Carolina realiz\u00f3 charlas con distintos cursos, respondi\u00f3 preguntas de los estudiantes sobre su proceso creativo y su obra, y comparti\u00f3 momentos especiales junto a ellos, incluyendo fotograf\u00edas que quedar\u00e1n como recuerdo de este encuentro. La din\u00e1mica permiti\u00f3 a los alumnos conocer de cerca a la persona que dio vida a&nbsp;<em>Tokio<\/em>, el entra\u00f1able perrito curioso y travieso protagonista del libro.<\/p>\n\n\n\n<p>Carolina Celis es dise\u00f1adora industrial y diplomada en Ilustraci\u00f3n UC, adem\u00e1s de creadora de la marca Wild Me. A lo largo de su carrera ha desarrollado productos para retail y editoriales, y ha dise\u00f1ado juguetes y material educativo para marcas nacionales e internacionales. Su trabajo busca conectar con emociones, experiencias y la naturaleza a trav\u00e9s de la imaginaci\u00f3n, el color y las im\u00e1genes. Su trayectoria tiene reconocimiento internacional: en 2017 fue seleccionada para el cat\u00e1logo Iberoam\u00e9rica Ilustra, en 2019 particip\u00f3 en el Encuentro Internacional de Ilustraci\u00f3n de Valladolid, y en 2024 integr\u00f3 el Illustrator Village de la Feria de Libros Infantiles de Busan, Corea.<\/p>\n\n\n\n<p>Esta no fue la primera vez que Carolina pis\u00f3 los pasillos del Colegio Mayor Tobalaba. La autora revel\u00f3 en su cuenta de Instagram (@carocelis) que se trata de su quinta visita al establecimiento, expresando el v\u00ednculo afectivo que ha construido con la comunidad escolar: \u201cTengo un gran cari\u00f1o no solo por sus profesoras, sino por cada ni\u00f1o que vibra con esta historia\u201d. Tambi\u00e9n destac\u00f3 el emotivo reencuentro con estudiantes de cuarto y quinto b\u00e1sico que a\u00fan recuerdan con cari\u00f1o al peque\u00f1o Tokio.<\/p>\n\n\n\n<p>Para el Colegio Mayor Tobalaba, esta visita representa una instancia valiosa dentro de su propuesta educativa, que busca que los estudiantes no solo lean, sino que tambi\u00e9n se relacionen con la literatura de manera significativa y personal. Que una autora regrese por quinta vez habla del lazo genuino que se ha tejido entre su obra, nuestra comunidad y los ni\u00f1os que han hecho de&nbsp;<em>Tokio<\/em>&nbsp;un personaje propio.<\/p>\n\n\n\n<figure class=\"wp-block-image size-full is-style-rounded\"><img loading=\"lazy\" decoding=\"async\" width=\"768\" height=\"510\" src=\"https:\/\/webto.colegiomayor.cl\/wp-content\/uploads\/2026\/04\/2.jpg\" alt=\"\" class=\"wp-image-44483\" srcset=\"https:\/\/webto.colegiomayor.cl\/wp-content\/uploads\/2026\/04\/2.jpg 768w, https:\/\/webto.colegiomayor.cl\/wp-content\/uploads\/2026\/04\/2-300x199.jpg 300w, https:\/\/webto.colegiomayor.cl\/wp-content\/uploads\/2026\/04\/2-150x100.jpg 150w\" sizes=\"auto, (max-width: 768px) 100vw, 768px\" \/><\/figure>\n","protected":false},"excerpt":{"rendered":"<p>La autora chilena de&nbsp;Tokio, libro \u00e1lbum presente en el plan acad\u00e9mico del colegio, comparti\u00f3 con estudiantes a trav\u00e9s de charlas y conversaciones sobre su obra y proceso creativo. En el contexto de las celebraciones por el D\u00eda del Libro, el Colegio Mayor Tobalaba recibi\u00f3 durante&nbsp;<a href=\"https:\/\/webto.colegiomayor.cl\/?p=44475\">&hellip;<\/a><\/p>\n","protected":false},"author":13,"featured_media":44481,"comment_status":"closed","ping_status":"closed","sticky":false,"template":"","format":"standard","meta":{"content-type":"","footnotes":""},"categories":[1],"tags":[],"class_list":["post-44475","post","type-post","status-publish","format-standard","has-post-thumbnail","hentry","category-categoria-3","odd"],"rttpg_featured_image_url":{"full":["https:\/\/webto.colegiomayor.cl\/wp-content\/uploads\/2026\/04\/1.jpg",768,510,false],"landscape":["https:\/\/webto.colegiomayor.cl\/wp-content\/uploads\/2026\/04\/1.jpg",768,510,false],"portraits":["https:\/\/webto.colegiomayor.cl\/wp-content\/uploads\/2026\/04\/1.jpg",768,510,false],"thumbnail":["https:\/\/webto.colegiomayor.cl\/wp-content\/uploads\/2026\/04\/1-150x150.jpg",150,150,true],"medium":["https:\/\/webto.colegiomayor.cl\/wp-content\/uploads\/2026\/04\/1-300x199.jpg",300,199,true],"large":["https:\/\/webto.colegiomayor.cl\/wp-content\/uploads\/2026\/04\/1-768x510.jpg",768,510,true],"1536x1536":["https:\/\/webto.colegiomayor.cl\/wp-content\/uploads\/2026\/04\/1-768x510.jpg",768,510,true],"2048x2048":["https:\/\/webto.colegiomayor.cl\/wp-content\/uploads\/2026\/04\/1-768x510.jpg",768,510,true],"post-thumbnail":["https:\/\/webto.colegiomayor.cl\/wp-content\/uploads\/2026\/04\/1-150x100.jpg",150,100,true],"ed-school-featured-image":["https:\/\/webto.colegiomayor.cl\/wp-content\/uploads\/2026\/04\/1-768x500.jpg",768,500,true],"ed-school-medium":["https:\/\/webto.colegiomayor.cl\/wp-content\/uploads\/2026\/04\/1-768x510.jpg",768,510,true],"ed-school-medium-alt":["https:\/\/webto.colegiomayor.cl\/wp-content\/uploads\/2026\/04\/1-768x410.jpg",768,410,true],"ed-school-square":["https:\/\/webto.colegiomayor.cl\/wp-content\/uploads\/2026\/04\/1-768x510.jpg",768,510,true],"ed-school-square-small":["https:\/\/webto.colegiomayor.cl\/wp-content\/uploads\/2026\/04\/1-420x420.jpg",420,420,true]},"rttpg_author":{"display_name":"Sergio Vallejos","author_link":"https:\/\/webto.colegiomayor.cl\/?author=13"},"rttpg_comment":0,"rttpg_category":"<a href=\"https:\/\/webto.colegiomayor.cl\/?cat=1\" rel=\"category\">Categor\u00eda 3<\/a>","rttpg_excerpt":"La autora chilena de&nbsp;Tokio, libro \u00e1lbum presente en el plan acad\u00e9mico del colegio, comparti\u00f3 con estudiantes a trav\u00e9s de charlas y conversaciones sobre su obra y proceso creativo. En el contexto de las celebraciones por el D\u00eda del Libro, el Colegio Mayor Tobalaba recibi\u00f3 durante&nbsp;&hellip;","_links":{"self":[{"href":"https:\/\/webto.colegiomayor.cl\/index.php?rest_route=\/wp\/v2\/posts\/44475","targetHints":{"allow":["GET"]}}],"collection":[{"href":"https:\/\/webto.colegiomayor.cl\/index.php?rest_route=\/wp\/v2\/posts"}],"about":[{"href":"https:\/\/webto.colegiomayor.cl\/index.php?rest_route=\/wp\/v2\/types\/post"}],"author":[{"embeddable":true,"href":"https:\/\/webto.colegiomayor.cl\/index.php?rest_route=\/wp\/v2\/users\/13"}],"replies":[{"embeddable":true,"href":"https:\/\/webto.colegiomayor.cl\/index.php?rest_route=%2Fwp%2Fv2%2Fcomments&post=44475"}],"version-history":[{"count":5,"href":"https:\/\/webto.colegiomayor.cl\/index.php?rest_route=\/wp\/v2\/posts\/44475\/revisions"}],"predecessor-version":[{"id":44484,"href":"https:\/\/webto.colegiomayor.cl\/index.php?rest_route=\/wp\/v2\/posts\/44475\/revisions\/44484"}],"wp:featuredmedia":[{"embeddable":true,"href":"https:\/\/webto.colegiomayor.cl\/index.php?rest_route=\/wp\/v2\/media\/44481"}],"wp:attachment":[{"href":"https:\/\/webto.colegiomayor.cl\/index.php?rest_route=%2Fwp%2Fv2%2Fmedia&parent=44475"}],"wp:term":[{"taxonomy":"category","embeddable":true,"href":"https:\/\/webto.colegiomayor.cl\/index.php?rest_route=%2Fwp%2Fv2%2Fcategories&post=44475"},{"taxonomy":"post_tag","embeddable":true,"href":"https:\/\/webto.colegiomayor.cl\/index.php?rest_route=%2Fwp%2Fv2%2Ftags&post=44475"}],"curies":[{"name":"wp","href":"https:\/\/api.w.org\/{rel}","templated":true}]}}