{"id":44376,"date":"2026-03-10T15:43:20","date_gmt":"2026-03-10T18:43:20","guid":{"rendered":"https:\/\/webto.colegiomayor.cl\/?p=44376"},"modified":"2026-03-10T15:43:22","modified_gmt":"2026-03-10T18:43:22","slug":"inteligencia-artificial-certificacion-internacional-de-ingles-y-mejoras-academicas-algunos-de-los-desafios-que-proyecta-la-rectora-alejandra-rosales-para-2026","status":"publish","type":"post","link":"https:\/\/webto.colegiomayor.cl\/?p=44376","title":{"rendered":"Inteligencia artificial, certificaci\u00f3n internacional de ingl\u00e9s y mejoras acad\u00e9micas: algunos de los desaf\u00edos que proyecta la rectora Alejandra Rosales para 2026"},"content":{"rendered":"\n<p>Preparar a los estudiantes para un entorno cada vez m\u00e1s din\u00e1mico y exigente es parte de las prioridades que orientar\u00e1n el trabajo del Colegio Mayor Tobalaba durante este periodo. \u201cQueremos seguir ofreciendo herramientas que les permitan a los alumnos desenvolverse con seguridad en los desaf\u00edos del mundo actual y futuro\u201d, se\u00f1al\u00f3 la educadora.<\/p>\n\n\n\n<p>A d\u00edas de haber iniciado el a\u00f1o escolar, nuestra rectora Alejandra Rosales deline\u00f3 las expectativas que guiar\u00e1n el trabajo del Colegio Mayor Tobalaba durante 2026. Entre ellas destacan la incorporaci\u00f3n responsable de herramientas de inteligencia artificial en el \u00e1mbito educativo, el impulso a la certificaci\u00f3n internacional de ingl\u00e9s Cambridge en nivel B2 y el fortalecimiento de los procesos pedag\u00f3gicos destinados a consolidar el desempe\u00f1o acad\u00e9mico de los estudiantes.<\/p>\n\n\n<div class=\"wp-block-image\">\n<figure class=\"alignright size-large is-resized\"><img loading=\"lazy\" decoding=\"async\" width=\"684\" height=\"1024\" src=\"https:\/\/webto.colegiomayor.cl\/wp-content\/uploads\/2026\/03\/Alejandra-Rosales-684x1024.jpg\" alt=\"\" class=\"wp-image-44377\" style=\"width:210px;height:auto\" srcset=\"https:\/\/webto.colegiomayor.cl\/wp-content\/uploads\/2026\/03\/Alejandra-Rosales-684x1024.jpg 684w, https:\/\/webto.colegiomayor.cl\/wp-content\/uploads\/2026\/03\/Alejandra-Rosales-200x300.jpg 200w, https:\/\/webto.colegiomayor.cl\/wp-content\/uploads\/2026\/03\/Alejandra-Rosales-768x1150.jpg 768w, https:\/\/webto.colegiomayor.cl\/wp-content\/uploads\/2026\/03\/Alejandra-Rosales-1025x1536.jpg 1025w, https:\/\/webto.colegiomayor.cl\/wp-content\/uploads\/2026\/03\/Alejandra-Rosales-100x150.jpg 100w, https:\/\/webto.colegiomayor.cl\/wp-content\/uploads\/2026\/03\/Alejandra-Rosales.jpg 1179w\" sizes=\"auto, (max-width: 684px) 100vw, 684px\" \/><\/figure>\n<\/div>\n\n\n<p>En relaci\u00f3n con la integraci\u00f3n de nuevas tecnolog\u00edas, la educadora explic\u00f3 que el establecimiento busca abordar la inteligencia artificial desde una perspectiva formativa y \u00e9tica, promoviendo su uso como una herramienta de apoyo al aprendizaje. \u201cLa inteligencia artificial ya forma parte del entorno cotidiano de nuestros estudiantes. Nuestro desaf\u00edo es ense\u00f1arles a utilizarla con criterio y responsabilidad, comprendiendo que debe potenciar el aprendizaje y no reemplazar el pensamiento propio\u201d, se\u00f1al\u00f3 nuestra rectora.<\/p>\n\n\n\n<p>Otro de los ejes relevantes para el per\u00edodo ser\u00e1 el fortalecimiento del aprendizaje del ingl\u00e9s mediante la certificaci\u00f3n internacional Cambridge en nivel B2, iniciativa que busca consolidar las competencias ling\u00fc\u00edsticas de los alumnos y ampliar sus oportunidades de desarrollo en contextos globales. \u201cQueremos que nuestros estudiantes egresen con herramientas que les permitan desenvolverse con seguridad en escenarios internacionales. La certificaci\u00f3n Cambridge representa un paso importante en ese camino\u201d, afirm\u00f3 ella.<\/p>\n\n\n<div class=\"wp-block-image\">\n<figure class=\"alignleft size-large is-resized\"><img loading=\"lazy\" decoding=\"async\" width=\"1024\" height=\"681\" src=\"https:\/\/webto.colegiomayor.cl\/wp-content\/uploads\/2026\/03\/DSC_0715-1024x681.jpg\" alt=\"\" class=\"wp-image-44378\" style=\"aspect-ratio:1.5036871891613788;width:414px;height:auto\" srcset=\"https:\/\/webto.colegiomayor.cl\/wp-content\/uploads\/2026\/03\/DSC_0715-1024x681.jpg 1024w, https:\/\/webto.colegiomayor.cl\/wp-content\/uploads\/2026\/03\/DSC_0715-300x200.jpg 300w, https:\/\/webto.colegiomayor.cl\/wp-content\/uploads\/2026\/03\/DSC_0715-768x510.jpg 768w, https:\/\/webto.colegiomayor.cl\/wp-content\/uploads\/2026\/03\/DSC_0715-1536x1022.jpg 1536w, https:\/\/webto.colegiomayor.cl\/wp-content\/uploads\/2026\/03\/DSC_0715-2048x1363.jpg 2048w, https:\/\/webto.colegiomayor.cl\/wp-content\/uploads\/2026\/03\/DSC_0715-150x100.jpg 150w\" sizes=\"auto, (max-width: 1024px) 100vw, 1024px\" \/><\/figure>\n<\/div>\n\n\n<p>De manera paralela, el colegio continuar\u00e1 impulsando estrategias destinadas a fortalecer el rendimiento acad\u00e9mico, reforzando tanto los procesos de ense\u00f1anza como las pr\u00e1cticas evaluativas. En este contexto, el trabajo pedag\u00f3gico buscar\u00e1 profundizar instancias de seguimiento al progreso de los estudiantes, junto con promover una retroalimentaci\u00f3n constante que favorezca su avance formativo.<\/p>\n\n\n\n<p>\u201cLos avances acad\u00e9micos no responden a una sola medida, sino a un esfuerzo sistem\u00e1tico que involucra a docentes, estudiantes y familias. Nuestro prop\u00f3sito es seguir fortaleciendo pr\u00e1cticas pedag\u00f3gicas claras, exigentes y orientadas al desarrollo integral de nuestros alumnos\u201d, sostuvo nuestra rectora.<\/p>\n\n\n<div class=\"wp-block-image is-style-rounded\">\n<figure class=\"alignright size-full is-resized\"><img loading=\"lazy\" decoding=\"async\" width=\"768\" height=\"510\" src=\"https:\/\/webto.colegiomayor.cl\/wp-content\/uploads\/2026\/03\/DSC_8374.jpg\" alt=\"\" class=\"wp-image-44379\" style=\"width:397px;height:auto\" srcset=\"https:\/\/webto.colegiomayor.cl\/wp-content\/uploads\/2026\/03\/DSC_8374.jpg 768w, https:\/\/webto.colegiomayor.cl\/wp-content\/uploads\/2026\/03\/DSC_8374-300x199.jpg 300w, https:\/\/webto.colegiomayor.cl\/wp-content\/uploads\/2026\/03\/DSC_8374-150x100.jpg 150w\" sizes=\"auto, (max-width: 768px) 100vw, 768px\" \/><\/figure>\n<\/div>\n\n\n<p>Finalmente, la educadora subray\u00f3 que estas proyecciones se enmarcan en una visi\u00f3n institucional que busca preparar a los estudiantes para un entorno en permanente transformaci\u00f3n, manteniendo como eje central la formaci\u00f3n integral. \u201cNuestro proyecto educativo combina excelencia acad\u00e9mica, desarrollo val\u00f3rico y la adquisici\u00f3n de habilidades que permitan enfrentar los desaf\u00edos del futuro. Ese seguir\u00e1 siendo el horizonte que orienta nuestro trabajo como comunidad educativa\u201d, concluy\u00f3.<\/p>\n\n\n\n<p><\/p>\n","protected":false},"excerpt":{"rendered":"<p>Preparar a los estudiantes para un entorno cada vez m\u00e1s din\u00e1mico y exigente es parte de las prioridades que orientar\u00e1n el trabajo del Colegio Mayor Tobalaba durante este periodo. \u201cQueremos seguir ofreciendo herramientas que les permitan a los alumnos desenvolverse con seguridad en los desaf\u00edos&nbsp;<a href=\"https:\/\/webto.colegiomayor.cl\/?p=44376\">&hellip;<\/a><\/p>\n","protected":false},"author":8,"featured_media":44379,"comment_status":"closed","ping_status":"closed","sticky":false,"template":"","format":"standard","meta":{"content-type":"","footnotes":""},"categories":[1],"tags":[],"class_list":["post-44376","post","type-post","status-publish","format-standard","has-post-thumbnail","hentry","category-categoria-3","odd"],"rttpg_featured_image_url":{"full":["https:\/\/webto.colegiomayor.cl\/wp-content\/uploads\/2026\/03\/DSC_8374.jpg",768,510,false],"landscape":["https:\/\/webto.colegiomayor.cl\/wp-content\/uploads\/2026\/03\/DSC_8374.jpg",768,510,false],"portraits":["https:\/\/webto.colegiomayor.cl\/wp-content\/uploads\/2026\/03\/DSC_8374.jpg",768,510,false],"thumbnail":["https:\/\/webto.colegiomayor.cl\/wp-content\/uploads\/2026\/03\/DSC_8374-150x150.jpg",150,150,true],"medium":["https:\/\/webto.colegiomayor.cl\/wp-content\/uploads\/2026\/03\/DSC_8374-300x199.jpg",300,199,true],"large":["https:\/\/webto.colegiomayor.cl\/wp-content\/uploads\/2026\/03\/DSC_8374-768x510.jpg",768,510,true],"1536x1536":["https:\/\/webto.colegiomayor.cl\/wp-content\/uploads\/2026\/03\/DSC_8374-768x510.jpg",768,510,true],"2048x2048":["https:\/\/webto.colegiomayor.cl\/wp-content\/uploads\/2026\/03\/DSC_8374-768x510.jpg",768,510,true],"post-thumbnail":["https:\/\/webto.colegiomayor.cl\/wp-content\/uploads\/2026\/03\/DSC_8374-150x100.jpg",150,100,true],"ed-school-featured-image":["https:\/\/webto.colegiomayor.cl\/wp-content\/uploads\/2026\/03\/DSC_8374-768x500.jpg",768,500,true],"ed-school-medium":["https:\/\/webto.colegiomayor.cl\/wp-content\/uploads\/2026\/03\/DSC_8374-768x510.jpg",768,510,true],"ed-school-medium-alt":["https:\/\/webto.colegiomayor.cl\/wp-content\/uploads\/2026\/03\/DSC_8374-768x410.jpg",768,410,true],"ed-school-square":["https:\/\/webto.colegiomayor.cl\/wp-content\/uploads\/2026\/03\/DSC_8374-768x510.jpg",768,510,true],"ed-school-square-small":["https:\/\/webto.colegiomayor.cl\/wp-content\/uploads\/2026\/03\/DSC_8374-420x420.jpg",420,420,true]},"rttpg_author":{"display_name":"Catherine Leon","author_link":"https:\/\/webto.colegiomayor.cl\/?author=8"},"rttpg_comment":0,"rttpg_category":"<a href=\"https:\/\/webto.colegiomayor.cl\/?cat=1\" rel=\"category\">Categor\u00eda 3<\/a>","rttpg_excerpt":"Preparar a los estudiantes para un entorno cada vez m\u00e1s din\u00e1mico y exigente es parte de las prioridades que orientar\u00e1n el trabajo del Colegio Mayor Tobalaba durante este periodo. \u201cQueremos seguir ofreciendo herramientas que les permitan a los alumnos desenvolverse con seguridad en los desaf\u00edos&nbsp;&hellip;","_links":{"self":[{"href":"https:\/\/webto.colegiomayor.cl\/index.php?rest_route=\/wp\/v2\/posts\/44376","targetHints":{"allow":["GET"]}}],"collection":[{"href":"https:\/\/webto.colegiomayor.cl\/index.php?rest_route=\/wp\/v2\/posts"}],"about":[{"href":"https:\/\/webto.colegiomayor.cl\/index.php?rest_route=\/wp\/v2\/types\/post"}],"author":[{"embeddable":true,"href":"https:\/\/webto.colegiomayor.cl\/index.php?rest_route=\/wp\/v2\/users\/8"}],"replies":[{"embeddable":true,"href":"https:\/\/webto.colegiomayor.cl\/index.php?rest_route=%2Fwp%2Fv2%2Fcomments&post=44376"}],"version-history":[{"count":1,"href":"https:\/\/webto.colegiomayor.cl\/index.php?rest_route=\/wp\/v2\/posts\/44376\/revisions"}],"predecessor-version":[{"id":44380,"href":"https:\/\/webto.colegiomayor.cl\/index.php?rest_route=\/wp\/v2\/posts\/44376\/revisions\/44380"}],"wp:featuredmedia":[{"embeddable":true,"href":"https:\/\/webto.colegiomayor.cl\/index.php?rest_route=\/wp\/v2\/media\/44379"}],"wp:attachment":[{"href":"https:\/\/webto.colegiomayor.cl\/index.php?rest_route=%2Fwp%2Fv2%2Fmedia&parent=44376"}],"wp:term":[{"taxonomy":"category","embeddable":true,"href":"https:\/\/webto.colegiomayor.cl\/index.php?rest_route=%2Fwp%2Fv2%2Fcategories&post=44376"},{"taxonomy":"post_tag","embeddable":true,"href":"https:\/\/webto.colegiomayor.cl\/index.php?rest_route=%2Fwp%2Fv2%2Ftags&post=44376"}],"curies":[{"name":"wp","href":"https:\/\/api.w.org\/{rel}","templated":true}]}}